{"id":10703,"date":"2018-06-04T20:00:41","date_gmt":"2018-06-04T17:00:41","guid":{"rendered":"http:\/\/www.keikari.com\/blogi\/?p=10703"},"modified":"2018-06-04T20:00:41","modified_gmt":"2018-06-04T17:00:41","slug":"haastattelussa-nish-de-gruiter","status":"publish","type":"post","link":"https:\/\/www.keikari.com\/blogi\/haastattelussa-nish-de-gruiter\/","title":{"rendered":"Haastattelussa Nish de Gruiter"},"content":{"rendered":"<p>Nish de Gruiter, 33, on Suitsupply-yhti\u00f6n Pohjois-Amerikan operaatioiden varatoimitusjohtaja. SS avasi muutaman viikkoa sitten myym\u00e4l\u00e4n Helsinkiin osoitteessa Etel\u00e4esplanadi 18, ja ehdin jututtaa h\u00e4nt\u00e4 ennen liikkeen avajaisjuhlallisuuksia.<\/p>\n<p>&nbsp;<\/p>\n<p>VR: Millainen on koulutuksesi?<\/p>\n<p>NdG: K\u00e4vin <a href=\"http:\/\/amfi.nl\">AMFI<\/a>n [vuosina 2003-2006], jonka j\u00e4lkeen p\u00e4\u00e4sin harjoittelijaksi Cucinellille USA:ssa. Olin t\u00f6iss\u00e4 siell\u00e4 muutaman vuoden.<\/p>\n<p><img loading=\"lazy\" decoding=\"async\" class=\"aligncenter size-full wp-image-10707\" src=\"http:\/\/www.keikari.com\/blogi\/wp-content\/kuvat\/2018\/05\/Nish_de_Gruiter_Keikarissa.jpg\" alt=\"Nish_de_Gruiter_Keikarissa\" width=\"1500\" height=\"1000\" srcset=\"https:\/\/www.keikari.com\/blogi\/wp-content\/kuvat\/2018\/05\/Nish_de_Gruiter_Keikarissa.jpg 1500w, https:\/\/www.keikari.com\/blogi\/wp-content\/kuvat\/2018\/05\/Nish_de_Gruiter_Keikarissa-300x200.jpg 300w, https:\/\/www.keikari.com\/blogi\/wp-content\/kuvat\/2018\/05\/Nish_de_Gruiter_Keikarissa-768x512.jpg 768w, https:\/\/www.keikari.com\/blogi\/wp-content\/kuvat\/2018\/05\/Nish_de_Gruiter_Keikarissa-1024x683.jpg 1024w\" sizes=\"auto, (max-width: 1500px) 100vw, 1500px\" \/><\/p>\n<p>VR: Kuinka liityit SS:n riveihin?<\/p>\n<p>NdG: Fokke De Jong, Suitsupplyn perustaja ja toimitusjohtaja, vieraili luonani Yhdysvalloissa muutaman kerran, ja h\u00e4n n\u00e4ki minussa mahdollisuuden. Me tulimme juttuun, koko lailla, joten avasimme yhdess\u00e4 myym\u00e4l\u00e4n Sohossa, Vigo Streetill\u00e4, ja ensi viikolla avaamme sadannen Bostonissa.<\/p>\n<p>&nbsp;<\/p>\n<p>VR: Tunsitko Fokken jo bisneskontaktien kautta?<\/p>\n<p>NdG: En, mutta h\u00e4n on melko hyvin tunnettu Hollannissa Suitsupply-br\u00e4ndin kautta, sill\u00e4 oli tuohon aikaan jo hyv\u00e4 osa markkinoista. R\u00e4\u00e4t\u00e4l\u00f6ityjen vaatteiden maailmassa, miss\u00e4 kaikki on hieman j\u00e4ykk\u00e4\u00e4 ja ihmiset ottavat itsens\u00e4 liian vakavasti, meist\u00e4 tuntuu silt\u00e4, ett\u00e4 teemme vakavasti otettavia tuotteita, mutta emme ota itse\u00e4mme liian vakavasti. Esimerkiksi Race Case -matkalaukkumme, jota k\u00e4yt\u00e4n koko ajan &#8211; ihmiset heitt\u00e4v\u00e4t minulle yl\u00e4femmaa USA:n lentokentill\u00e4, kun potkin sill\u00e4 eteenp\u00e4in ihan pukeutuneena, puku p\u00e4\u00e4ll\u00e4.<\/p>\n<p>&nbsp;<\/p>\n<p>VR: Millainen ty\u00f6p\u00e4iv\u00e4si on yleens\u00e4?<br \/>\nNdG: Kun her\u00e4\u00e4n aamulla New Yorkissa, s\u00e4hk\u00f6postini on t\u00e4ynn\u00e4, koska Eurooppa on kuusi tuntia meit\u00e4 amerikkalaisia edell\u00e4. Otamme siis kiinni n\u00e4m\u00e4 ensimm\u00e4isen\u00e4. Juuri t\u00e4ll\u00e4 hetkell\u00e4 ty\u00f6skentelemme Bostonin-projektin parissa, siell\u00e4 meill\u00e4 on pieni kahvila kaupan alakerrassa. Sitten meill\u00e4 on joukko muiden avautuvien liikkeiden projekteja kesken. Lis\u00e4ksi pid\u00e4n yhteytt\u00e4 hyviin asiakkaisiimme, haluan pit\u00e4\u00e4 huolen, ett\u00e4 ihmiset ovat hyvin puettuja. Meill\u00e4 on kourallinen uusia kumppanuuksia yritysten kanssa. Ty\u00f6skentelen my\u00f6s kiinteist\u00f6jemme parissa, meill\u00e4 on projekti Kanadassa ja Detroitissa, ja hoidan mallistojamme sek\u00e4 stailauksia. Jokainen p\u00e4iv\u00e4 on erilainen, mutta aamuisin otan kiinni Euroopan, ja iltap\u00e4ivisin olen projektiemme parissa. Laitan mielell\u00e4ni k\u00e4teni kiinni kaikkeen, mink\u00e4 uskon osaavani. En ole hyv\u00e4 taulukkojen tai organisoinnin kanssa, joten hoidan mieluummin projekteja.<\/p>\n<p>&nbsp;<\/p>\n<p>VR:Milt\u00e4 Suitsupplyn tulevaisuus n\u00e4ytt\u00e4\u00e4 t\u00e4ll\u00e4 hetkell\u00e4?<\/p>\n<p>NdG: Minulla ei ole kristallipalloa. Meill\u00e4 on kuitenkin hyvin tasaista kasvua, saimme juuri uuden johtoryhm\u00e4n. Operatiivinen johtajamme\u00a0tuli Merrill Lynchilt\u00e4, myyntijohtajamme tuli Tory Burchilta, uusi USA:n-johtajamme tuli Rag and Bonelta, joten joukolla on paljon kokemusta. Yritys laajenee vahvasti ja valmistautuu tulevaan kasvuun.<\/p>\n<p><img loading=\"lazy\" decoding=\"async\" class=\"aligncenter size-full wp-image-10708\" src=\"http:\/\/www.keikari.com\/blogi\/wp-content\/kuvat\/2018\/05\/Nish_de_Gruiter_Keikarissa2.jpg\" alt=\"Nish_de_Gruiter_Keikarissa2\" width=\"1500\" height=\"885\" srcset=\"https:\/\/www.keikari.com\/blogi\/wp-content\/kuvat\/2018\/05\/Nish_de_Gruiter_Keikarissa2.jpg 1500w, https:\/\/www.keikari.com\/blogi\/wp-content\/kuvat\/2018\/05\/Nish_de_Gruiter_Keikarissa2-300x177.jpg 300w, https:\/\/www.keikari.com\/blogi\/wp-content\/kuvat\/2018\/05\/Nish_de_Gruiter_Keikarissa2-768x453.jpg 768w, https:\/\/www.keikari.com\/blogi\/wp-content\/kuvat\/2018\/05\/Nish_de_Gruiter_Keikarissa2-1024x604.jpg 1024w\" sizes=\"auto, (max-width: 1500px) 100vw, 1500px\" \/><\/p>\n<p>VR: Miksi Suitsupply avasi liikkeen Helsinkiin?<\/p>\n<p>NdG: Hyv\u00e4 kysymys. Monet helsinkil\u00e4iset ja suomalaiset matkustavat ymp\u00e4ri maailman, ja he k\u00e4yv\u00e4t liikkeiss\u00e4mme vaikka Tukholmassa tai K\u00f6\u00f6penhaminassa. He l\u00f6yt\u00e4v\u00e4t oman kokonsa, ostavat puvun ja k\u00e4y niin, ett\u00e4 he muuttuvat verkkoasiakkaiksi. Viime vuosina olemme n\u00e4hneet todellisen piikin verkkotilauksissa Suomeen, joten ei ollut mit\u00e4\u00e4n syyt\u00e4 olla antamatta lojaaleille faneille omaa liikett\u00e4\u00e4n. My\u00f6s Keikarin kautta olemme saaneet paljon bisnest\u00e4.<\/p>\n<p>&nbsp;<\/p>\n<p>VR: Millainen Suomi on ulkomaisille yrityksille?<\/p>\n<p>NdG: K\u00e4yt\u00e4nn\u00f6llinen on se voimasana. Miss\u00e4 tahansa, ymp\u00e4ri maailman, t\u00e4ytyy menn\u00e4 virallisten kanavien l\u00e4vitse. Yritys t\u00e4ytyy rekister\u00f6id\u00e4, hankkia lisenssit &#8211; olemme tehneet t\u00e4m\u00e4n kaikkialla maailman ymp\u00e4ri, joten se ei ollut vaikeaa en\u00e4\u00e4 t\u00e4ss\u00e4 vaiheessa. Alkuvaihe on aina hankalin kaikkialla.<\/p>\n<p>&nbsp;<\/p>\n<p>VR: Kuinka myynti on sujunut Helsingin-liikkeess\u00e4 t\u00e4h\u00e4n asti?<br \/>\nNdG: Eritt\u00e4in vahvasti. Hauskinta, mit\u00e4 olen huomannut: liikkeeseen saapuvat miehet ovat niin hyvin perill\u00e4 vaatteista. He tuntevat leikkaukset, he tiet\u00e4v\u00e4t, miten ne istuvat, he tuntevat tuotteiden nimet. Olin hyvin yll\u00e4ttynyt, miten hyvin he tiet\u00e4v\u00e4t kaikesta. Esimerkiksi t\u00e4ysin liimattu puku ei koskaan my\u00f6t\u00e4ile kehoa kuten liinakangaspuku, jonka hevosenjouhista valmistettu liina my\u00f6t\u00e4ilee, mutta palautuu aina muotoonsa.\u00a0Emme ole markkinoineet juuri lainkaan, mutta toimintaa on riitt\u00e4nyt aamusta iltaan kahden viikon ajan.<\/p>\n<p>Olemme miesten tyylikeskus, koulutamme asiakkaita\u00a0puvun hyv\u00e4st\u00e4 istuvuudesta ja tarjoamme muutospalvelut paikan p\u00e4\u00e4ll\u00e4. Ennen miehet n\u00e4kiv\u00e4t is\u00e4ns\u00e4 ja l\u00e4hipiirin tyylin, mutta nykyisin he voivat seurata tyylej\u00e4 verkosta, ja saapua meille kuvan kanssa. Sitten he voivat kysy\u00e4, voitteko saada minusta t\u00e4m\u00e4n n\u00e4k\u00f6isen? ja tarjoamme palvelumme. Kaikki myyj\u00e4mme ovat k\u00e4yneet kahden viikon koulutuksen omassa koulussamme Hollannissa.<\/p>\n<p>Sanon aina, ett\u00e4 tyyli on jotain, mink\u00e4 kuiskaat &#8211; et huuda.<\/p>\n<p><a href=\"https:\/\/eu.suitsupply.com\/en_FI\/store?StoreID=stores-Helsinki\">https:\/\/eu.suitsupply.com\/en_FI\/store?StoreID=stores-Helsinki<\/a><\/p>\n","protected":false},"excerpt":{"rendered":"<p>Nish de Gruiter, 33, on Suitsupply-yhti\u00f6n Pohjois-Amerikan operaatioiden varatoimitusjohtaja. SS avasi muutaman viikkoa sitten myym\u00e4l\u00e4n Helsinkiin osoitteessa Etel\u00e4esplanadi 18, ja &#8230; <br \/><a class=\"more-link\" href=\"https:\/\/www.keikari.com\/blogi\/haastattelussa-nish-de-gruiter\/\">keep reading<\/a><\/p>\n","protected":false},"author":2,"featured_media":0,"comment_status":"open","ping_status":"open","sticky":false,"template":"","format":"standard","meta":{"footnotes":"","_links_to":"","_links_to_target":""},"categories":[64,27],"tags":[],"class_list":["post-10703","post","type-post","status-publish","format-standard","hentry","category-kohtaamisia","category-vaatehtimot"],"aioseo_notices":[],"_links":{"self":[{"href":"https:\/\/www.keikari.com\/blogi\/wp-json\/wp\/v2\/posts\/10703","targetHints":{"allow":["GET"]}}],"collection":[{"href":"https:\/\/www.keikari.com\/blogi\/wp-json\/wp\/v2\/posts"}],"about":[{"href":"https:\/\/www.keikari.com\/blogi\/wp-json\/wp\/v2\/types\/post"}],"author":[{"embeddable":true,"href":"https:\/\/www.keikari.com\/blogi\/wp-json\/wp\/v2\/users\/2"}],"replies":[{"embeddable":true,"href":"https:\/\/www.keikari.com\/blogi\/wp-json\/wp\/v2\/comments?post=10703"}],"version-history":[{"count":4,"href":"https:\/\/www.keikari.com\/blogi\/wp-json\/wp\/v2\/posts\/10703\/revisions"}],"predecessor-version":[{"id":10712,"href":"https:\/\/www.keikari.com\/blogi\/wp-json\/wp\/v2\/posts\/10703\/revisions\/10712"}],"wp:attachment":[{"href":"https:\/\/www.keikari.com\/blogi\/wp-json\/wp\/v2\/media?parent=10703"}],"wp:term":[{"taxonomy":"category","embeddable":true,"href":"https:\/\/www.keikari.com\/blogi\/wp-json\/wp\/v2\/categories?post=10703"},{"taxonomy":"post_tag","embeddable":true,"href":"https:\/\/www.keikari.com\/blogi\/wp-json\/wp\/v2\/tags?post=10703"}],"curies":[{"name":"wp","href":"https:\/\/api.w.org\/{rel}","templated":true}]}}